{"id":668,"date":"2021-03-18T11:15:44","date_gmt":"2021-03-18T11:15:44","guid":{"rendered":"http:\/\/residences-du-bailli.ms.decms.eu\/location-dappartement-a-la-mer-a-la-residence-du-bailli\/"},"modified":"2022-06-30T15:41:48","modified_gmt":"2022-06-30T15:41:48","slug":"vermietung-von-appartements","status":"publish","type":"post","link":"https:\/\/www.residence-lebaillidesuffren.com\/de\/vermietung-von-appartements\/","title":{"rendered":"Vermietung von Appartements am Meer in der R\u00e9sidence du Bailli."},"content":{"rendered":"","protected":false},"excerpt":{"rendered":"","protected":false},"author":8,"featured_media":0,"comment_status":"open","ping_status":"open","sticky":false,"template":"","format":"standard","meta":[],"categories":[11],"tags":[],"class_list":["post-668","post","type-post","status-publish","format-standard","hentry","category-angebote"],"yoast_head":"<!-- This site is optimized with the Yoast SEO plugin v26.9 - https:\/\/yoast.com\/product\/yoast-seo-wordpress\/ -->\n<title>Appartements am Meer in der R\u00e9sidence du Bailli<\/title>\n<meta name=\"description\" content=\"Die R\u00e9sidence du Bailli bietet die Vermietung von Appartements am Meer mit Balkon oder Terrasse f\u00fcr bis zu 8 Personen.\" \/>\n<meta name=\"robots\" content=\"index, follow, max-snippet:-1, max-image-preview:large, max-video-preview:-1\" \/>\n<link rel=\"canonical\" href=\"https:\/\/www.residence-lebaillidesuffren.com\/de\/vermietung-von-appartements\/\" \/>\n<meta property=\"og:locale\" content=\"de_DE\" \/>\n<meta property=\"og:type\" content=\"article\" \/>\n<meta property=\"og:title\" content=\"Appartements am Meer in der R\u00e9sidence du Bailli\" \/>\n<meta property=\"og:description\" content=\"Die R\u00e9sidence du Bailli bietet die Vermietung von Appartements am Meer mit Balkon oder Terrasse f\u00fcr bis zu 8 Personen.\" \/>\n<meta property=\"og:url\" content=\"https:\/\/www.residence-lebaillidesuffren.com\/de\/vermietung-von-appartements\/\" \/>\n<meta property=\"og:site_name\" content=\"R\u00e9sidences du Bailli\" \/>\n<meta property=\"article:publisher\" content=\"https:\/\/www.facebook.com\/la.residence.du.bailli\/\" \/>\n<meta property=\"article:published_time\" content=\"2021-03-18T11:15:44+00:00\" \/>\n<meta property=\"article:modified_time\" content=\"2022-06-30T15:41:48+00:00\" \/>\n<meta name=\"author\" content=\"sassi\" \/>\n<meta name=\"twitter:card\" content=\"summary_large_image\" \/>\n<meta name=\"twitter:label1\" content=\"Verfasst von\" \/>\n\t<meta name=\"twitter:data1\" content=\"sassi\" \/>\n<script type=\"application\/ld+json\" class=\"yoast-schema-graph\">{\"@context\":\"https:\/\/schema.org\",\"@graph\":[{\"@type\":\"Article\",\"@id\":\"https:\/\/www.residence-lebaillidesuffren.com\/de\/vermietung-von-appartements\/#article\",\"isPartOf\":{\"@id\":\"https:\/\/www.residence-lebaillidesuffren.com\/de\/vermietung-von-appartements\/\"},\"author\":{\"name\":\"sassi\",\"@id\":\"https:\/\/www.residence-lebaillidesuffren.com\/de\/#\/schema\/person\/10fcfebd0be03545d7081b60490ceef9\"},\"headline\":\"Vermietung von Appartements am Meer in der R\u00e9sidence du Bailli.\",\"datePublished\":\"2021-03-18T11:15:44+00:00\",\"dateModified\":\"2022-06-30T15:41:48+00:00\",\"mainEntityOfPage\":{\"@id\":\"https:\/\/www.residence-lebaillidesuffren.com\/de\/vermietung-von-appartements\/\"},\"wordCount\":11,\"commentCount\":0,\"publisher\":{\"@id\":\"https:\/\/www.residence-lebaillidesuffren.com\/de\/#organization\"},\"articleSection\":[\"Angebote\"],\"inLanguage\":\"de-DE\",\"potentialAction\":[{\"@type\":\"CommentAction\",\"name\":\"Comment\",\"target\":[\"https:\/\/www.residence-lebaillidesuffren.com\/de\/vermietung-von-appartements\/#respond\"]}]},{\"@type\":\"WebPage\",\"@id\":\"https:\/\/www.residence-lebaillidesuffren.com\/de\/vermietung-von-appartements\/\",\"url\":\"https:\/\/www.residence-lebaillidesuffren.com\/de\/vermietung-von-appartements\/\",\"name\":\"Appartements am Meer in der R\u00e9sidence du Bailli\",\"isPartOf\":{\"@id\":\"https:\/\/www.residence-lebaillidesuffren.com\/de\/#website\"},\"datePublished\":\"2021-03-18T11:15:44+00:00\",\"dateModified\":\"2022-06-30T15:41:48+00:00\",\"description\":\"Die R\u00e9sidence du Bailli bietet die Vermietung von Appartements am Meer mit Balkon oder Terrasse f\u00fcr bis zu 8 Personen.\",\"breadcrumb\":{\"@id\":\"https:\/\/www.residence-lebaillidesuffren.com\/de\/vermietung-von-appartements\/#breadcrumb\"},\"inLanguage\":\"de-DE\",\"potentialAction\":[{\"@type\":\"ReadAction\",\"target\":[\"https:\/\/www.residence-lebaillidesuffren.com\/de\/vermietung-von-appartements\/\"]}]},{\"@type\":\"BreadcrumbList\",\"@id\":\"https:\/\/www.residence-lebaillidesuffren.com\/de\/vermietung-von-appartements\/#breadcrumb\",\"itemListElement\":[{\"@type\":\"ListItem\",\"position\":1,\"name\":\"Home\",\"item\":\"https:\/\/www.residence-lebaillidesuffren.com\/de\/\"},{\"@type\":\"ListItem\",\"position\":2,\"name\":\"Vermietung von Appartements am Meer in der R\u00e9sidence du Bailli.\"}]},{\"@type\":\"WebSite\",\"@id\":\"https:\/\/www.residence-lebaillidesuffren.com\/de\/#website\",\"url\":\"https:\/\/www.residence-lebaillidesuffren.com\/de\/\",\"name\":\"R\u00e9sidences du Bailli\",\"description\":\"\",\"publisher\":{\"@id\":\"https:\/\/www.residence-lebaillidesuffren.com\/de\/#organization\"},\"potentialAction\":[{\"@type\":\"SearchAction\",\"target\":{\"@type\":\"EntryPoint\",\"urlTemplate\":\"https:\/\/www.residence-lebaillidesuffren.com\/de\/?s={search_term_string}\"},\"query-input\":{\"@type\":\"PropertyValueSpecification\",\"valueRequired\":true,\"valueName\":\"search_term_string\"}}],\"inLanguage\":\"de-DE\"},{\"@type\":\"Organization\",\"@id\":\"https:\/\/www.residence-lebaillidesuffren.com\/de\/#organization\",\"name\":\"La R\u00e9sidence du Bailli\",\"url\":\"https:\/\/www.residence-lebaillidesuffren.com\/de\/\",\"logo\":{\"@type\":\"ImageObject\",\"inLanguage\":\"de-DE\",\"@id\":\"https:\/\/www.residence-lebaillidesuffren.com\/de\/#\/schema\/logo\/image\/\",\"url\":\"https:\/\/www.residence-lebaillidesuffren.com\/wp-content\/uploads\/sites\/261\/2021\/03\/BAILLI.LA_.RESIDENCE.LOGO_.png\",\"contentUrl\":\"https:\/\/www.residence-lebaillidesuffren.com\/wp-content\/uploads\/sites\/261\/2021\/03\/BAILLI.LA_.RESIDENCE.LOGO_.png\",\"width\":1503,\"height\":2383,\"caption\":\"La R\u00e9sidence du Bailli\"},\"image\":{\"@id\":\"https:\/\/www.residence-lebaillidesuffren.com\/de\/#\/schema\/logo\/image\/\"},\"sameAs\":[\"https:\/\/www.facebook.com\/la.residence.du.bailli\/\",\"https:\/\/www.instagram.com\/laresidencedubailli\/\"]},{\"@type\":\"Person\",\"@id\":\"https:\/\/www.residence-lebaillidesuffren.com\/de\/#\/schema\/person\/10fcfebd0be03545d7081b60490ceef9\",\"name\":\"sassi\",\"image\":{\"@type\":\"ImageObject\",\"inLanguage\":\"de-DE\",\"@id\":\"https:\/\/www.residence-lebaillidesuffren.com\/de\/#\/schema\/person\/image\/\",\"url\":\"https:\/\/secure.gravatar.com\/avatar\/9b38043e226c08155b8c1eec5a43e60572c1db3836152ed5496a8e724fbb02e6?s=96&d=mm&r=g\",\"contentUrl\":\"https:\/\/secure.gravatar.com\/avatar\/9b38043e226c08155b8c1eec5a43e60572c1db3836152ed5496a8e724fbb02e6?s=96&d=mm&r=g\",\"caption\":\"sassi\"}}]}<\/script>\n<!-- \/ Yoast SEO plugin. -->","yoast_head_json":{"title":"Appartements am Meer in der R\u00e9sidence du Bailli","description":"Die R\u00e9sidence du Bailli bietet die Vermietung von Appartements am Meer mit Balkon oder Terrasse f\u00fcr bis zu 8 Personen.","robots":{"index":"index","follow":"follow","max-snippet":"max-snippet:-1","max-image-preview":"max-image-preview:large","max-video-preview":"max-video-preview:-1"},"canonical":"https:\/\/www.residence-lebaillidesuffren.com\/de\/vermietung-von-appartements\/","og_locale":"de_DE","og_type":"article","og_title":"Appartements am Meer in der R\u00e9sidence du Bailli","og_description":"Die R\u00e9sidence du Bailli bietet die Vermietung von Appartements am Meer mit Balkon oder Terrasse f\u00fcr bis zu 8 Personen.","og_url":"https:\/\/www.residence-lebaillidesuffren.com\/de\/vermietung-von-appartements\/","og_site_name":"R\u00e9sidences du Bailli","article_publisher":"https:\/\/www.facebook.com\/la.residence.du.bailli\/","article_published_time":"2021-03-18T11:15:44+00:00","article_modified_time":"2022-06-30T15:41:48+00:00","author":"sassi","twitter_card":"summary_large_image","twitter_misc":{"Verfasst von":"sassi"},"schema":{"@context":"https:\/\/schema.org","@graph":[{"@type":"Article","@id":"https:\/\/www.residence-lebaillidesuffren.com\/de\/vermietung-von-appartements\/#article","isPartOf":{"@id":"https:\/\/www.residence-lebaillidesuffren.com\/de\/vermietung-von-appartements\/"},"author":{"name":"sassi","@id":"https:\/\/www.residence-lebaillidesuffren.com\/de\/#\/schema\/person\/10fcfebd0be03545d7081b60490ceef9"},"headline":"Vermietung von Appartements am Meer in der R\u00e9sidence du Bailli.","datePublished":"2021-03-18T11:15:44+00:00","dateModified":"2022-06-30T15:41:48+00:00","mainEntityOfPage":{"@id":"https:\/\/www.residence-lebaillidesuffren.com\/de\/vermietung-von-appartements\/"},"wordCount":11,"commentCount":0,"publisher":{"@id":"https:\/\/www.residence-lebaillidesuffren.com\/de\/#organization"},"articleSection":["Angebote"],"inLanguage":"de-DE","potentialAction":[{"@type":"CommentAction","name":"Comment","target":["https:\/\/www.residence-lebaillidesuffren.com\/de\/vermietung-von-appartements\/#respond"]}]},{"@type":"WebPage","@id":"https:\/\/www.residence-lebaillidesuffren.com\/de\/vermietung-von-appartements\/","url":"https:\/\/www.residence-lebaillidesuffren.com\/de\/vermietung-von-appartements\/","name":"Appartements am Meer in der R\u00e9sidence du Bailli","isPartOf":{"@id":"https:\/\/www.residence-lebaillidesuffren.com\/de\/#website"},"datePublished":"2021-03-18T11:15:44+00:00","dateModified":"2022-06-30T15:41:48+00:00","description":"Die R\u00e9sidence du Bailli bietet die Vermietung von Appartements am Meer mit Balkon oder Terrasse f\u00fcr bis zu 8 Personen.","breadcrumb":{"@id":"https:\/\/www.residence-lebaillidesuffren.com\/de\/vermietung-von-appartements\/#breadcrumb"},"inLanguage":"de-DE","potentialAction":[{"@type":"ReadAction","target":["https:\/\/www.residence-lebaillidesuffren.com\/de\/vermietung-von-appartements\/"]}]},{"@type":"BreadcrumbList","@id":"https:\/\/www.residence-lebaillidesuffren.com\/de\/vermietung-von-appartements\/#breadcrumb","itemListElement":[{"@type":"ListItem","position":1,"name":"Home","item":"https:\/\/www.residence-lebaillidesuffren.com\/de\/"},{"@type":"ListItem","position":2,"name":"Vermietung von Appartements am Meer in der R\u00e9sidence du Bailli."}]},{"@type":"WebSite","@id":"https:\/\/www.residence-lebaillidesuffren.com\/de\/#website","url":"https:\/\/www.residence-lebaillidesuffren.com\/de\/","name":"R\u00e9sidences du Bailli","description":"","publisher":{"@id":"https:\/\/www.residence-lebaillidesuffren.com\/de\/#organization"},"potentialAction":[{"@type":"SearchAction","target":{"@type":"EntryPoint","urlTemplate":"https:\/\/www.residence-lebaillidesuffren.com\/de\/?s={search_term_string}"},"query-input":{"@type":"PropertyValueSpecification","valueRequired":true,"valueName":"search_term_string"}}],"inLanguage":"de-DE"},{"@type":"Organization","@id":"https:\/\/www.residence-lebaillidesuffren.com\/de\/#organization","name":"La R\u00e9sidence du Bailli","url":"https:\/\/www.residence-lebaillidesuffren.com\/de\/","logo":{"@type":"ImageObject","inLanguage":"de-DE","@id":"https:\/\/www.residence-lebaillidesuffren.com\/de\/#\/schema\/logo\/image\/","url":"https:\/\/www.residence-lebaillidesuffren.com\/wp-content\/uploads\/sites\/261\/2021\/03\/BAILLI.LA_.RESIDENCE.LOGO_.png","contentUrl":"https:\/\/www.residence-lebaillidesuffren.com\/wp-content\/uploads\/sites\/261\/2021\/03\/BAILLI.LA_.RESIDENCE.LOGO_.png","width":1503,"height":2383,"caption":"La R\u00e9sidence du Bailli"},"image":{"@id":"https:\/\/www.residence-lebaillidesuffren.com\/de\/#\/schema\/logo\/image\/"},"sameAs":["https:\/\/www.facebook.com\/la.residence.du.bailli\/","https:\/\/www.instagram.com\/laresidencedubailli\/"]},{"@type":"Person","@id":"https:\/\/www.residence-lebaillidesuffren.com\/de\/#\/schema\/person\/10fcfebd0be03545d7081b60490ceef9","name":"sassi","image":{"@type":"ImageObject","inLanguage":"de-DE","@id":"https:\/\/www.residence-lebaillidesuffren.com\/de\/#\/schema\/person\/image\/","url":"https:\/\/secure.gravatar.com\/avatar\/9b38043e226c08155b8c1eec5a43e60572c1db3836152ed5496a8e724fbb02e6?s=96&d=mm&r=g","contentUrl":"https:\/\/secure.gravatar.com\/avatar\/9b38043e226c08155b8c1eec5a43e60572c1db3836152ed5496a8e724fbb02e6?s=96&d=mm&r=g","caption":"sassi"}}]}},"acf":[],"_links":{"self":[{"href":"https:\/\/www.residence-lebaillidesuffren.com\/de\/wp-json\/wp\/v2\/posts\/668","targetHints":{"allow":["GET"]}}],"collection":[{"href":"https:\/\/www.residence-lebaillidesuffren.com\/de\/wp-json\/wp\/v2\/posts"}],"about":[{"href":"https:\/\/www.residence-lebaillidesuffren.com\/de\/wp-json\/wp\/v2\/types\/post"}],"author":[{"embeddable":true,"href":"https:\/\/www.residence-lebaillidesuffren.com\/de\/wp-json\/wp\/v2\/users\/8"}],"replies":[{"embeddable":true,"href":"https:\/\/www.residence-lebaillidesuffren.com\/de\/wp-json\/wp\/v2\/comments?post=668"}],"version-history":[{"count":0,"href":"https:\/\/www.residence-lebaillidesuffren.com\/de\/wp-json\/wp\/v2\/posts\/668\/revisions"}],"wp:attachment":[{"href":"https:\/\/www.residence-lebaillidesuffren.com\/de\/wp-json\/wp\/v2\/media?parent=668"}],"wp:term":[{"taxonomy":"category","embeddable":true,"href":"https:\/\/www.residence-lebaillidesuffren.com\/de\/wp-json\/wp\/v2\/categories?post=668"},{"taxonomy":"post_tag","embeddable":true,"href":"https:\/\/www.residence-lebaillidesuffren.com\/de\/wp-json\/wp\/v2\/tags?post=668"}],"curies":[{"name":"wp","href":"https:\/\/api.w.org\/{rel}","templated":true}]}}