{"id":977,"date":"2024-01-11T10:12:04","date_gmt":"2024-01-11T10:12:04","guid":{"rendered":"https:\/\/www.residence-lebaillidesuffren.com\/?p=977"},"modified":"2024-01-12T09:55:46","modified_gmt":"2024-01-12T09:55:46","slug":"wanderungen-quer-durch-die-aussergewoehnliche-berglandschaft-des-var","status":"publish","type":"post","link":"https:\/\/www.residence-lebaillidesuffren.com\/de\/wanderungen-quer-durch-die-aussergewoehnliche-berglandschaft-des-var\/","title":{"rendered":"Wanderungen im Var-Massiv | La R\u00e9sidence du Bailli"},"content":{"rendered":"","protected":false},"excerpt":{"rendered":"","protected":false},"author":211,"featured_media":500,"comment_status":"open","ping_status":"open","sticky":false,"template":"","format":"standard","meta":[],"categories":[13],"tags":[],"class_list":["post-977","post","type-post","status-publish","format-standard","has-post-thumbnail","hentry","category-touristisches-ziel"],"yoast_head":"<!-- This site is optimized with the Yoast SEO plugin v26.9 - https:\/\/yoast.com\/product\/yoast-seo-wordpress\/ -->\n<title>Wanderungen im Var-Massiv | La R\u00e9sidence du Bailli<\/title>\n<meta name=\"description\" content=\"Im Var ist die Natur allgegenw\u00e4rtig. Die Waldgebiete und Waldfl\u00e4chen stellen \u00fcber 2.500 ha der gesch\u00fctzten W\u00e4lder dar.Wanderungen durch die Berglandschaft des Var sind ein absolutes Muss. Maurenmassiv, Massif de la Sainte-Baume, Esterel... Das sollte man wissen.\" \/>\n<meta name=\"robots\" content=\"index, follow, max-snippet:-1, max-image-preview:large, max-video-preview:-1\" \/>\n<link rel=\"canonical\" href=\"https:\/\/www.residence-lebaillidesuffren.com\/de\/wanderungen-quer-durch-die-aussergewoehnliche-berglandschaft-des-var\/\" \/>\n<meta property=\"og:locale\" content=\"de_DE\" \/>\n<meta property=\"og:type\" content=\"article\" \/>\n<meta property=\"og:title\" content=\"Wanderungen im Var-Massiv | La R\u00e9sidence du Bailli\" \/>\n<meta property=\"og:description\" content=\"Im Var ist die Natur allgegenw\u00e4rtig. Die Waldgebiete und Waldfl\u00e4chen stellen \u00fcber 2.500 ha der gesch\u00fctzten W\u00e4lder dar.Wanderungen durch die Berglandschaft des Var sind ein absolutes Muss. Maurenmassiv, Massif de la Sainte-Baume, Esterel... Das sollte man wissen.\" \/>\n<meta property=\"og:url\" content=\"https:\/\/www.residence-lebaillidesuffren.com\/de\/wanderungen-quer-durch-die-aussergewoehnliche-berglandschaft-des-var\/\" \/>\n<meta property=\"og:site_name\" content=\"R\u00e9sidences du Bailli\" \/>\n<meta property=\"article:publisher\" content=\"https:\/\/www.facebook.com\/la.residence.du.bailli\/\" \/>\n<meta property=\"article:published_time\" content=\"2024-01-11T10:12:04+00:00\" \/>\n<meta property=\"article:modified_time\" content=\"2024-01-12T09:55:46+00:00\" \/>\n<meta property=\"og:image\" content=\"https:\/\/www.residence-lebaillidesuffren.com\/wp-content\/uploads\/sites\/261\/2021\/03\/RBS-mai-2018.jpg\" \/>\n\t<meta property=\"og:image:width\" content=\"1000\" \/>\n\t<meta property=\"og:image:height\" content=\"667\" \/>\n\t<meta property=\"og:image:type\" content=\"image\/jpeg\" \/>\n<meta name=\"author\" content=\"Candice Capron\" \/>\n<meta name=\"twitter:card\" content=\"summary_large_image\" \/>\n<meta name=\"twitter:label1\" content=\"Verfasst von\" \/>\n\t<meta name=\"twitter:data1\" content=\"Candice Capron\" \/>\n<script type=\"application\/ld+json\" class=\"yoast-schema-graph\">{\"@context\":\"https:\/\/schema.org\",\"@graph\":[{\"@type\":\"Article\",\"@id\":\"https:\/\/www.residence-lebaillidesuffren.com\/de\/wanderungen-quer-durch-die-aussergewoehnliche-berglandschaft-des-var\/#article\",\"isPartOf\":{\"@id\":\"https:\/\/www.residence-lebaillidesuffren.com\/de\/wanderungen-quer-durch-die-aussergewoehnliche-berglandschaft-des-var\/\"},\"author\":{\"name\":\"Candice Capron\",\"@id\":\"https:\/\/www.residence-lebaillidesuffren.com\/de\/#\/schema\/person\/92eb2c09a86d74ba0d0e75e46990efdf\"},\"headline\":\"Wanderungen im Var-Massiv | La R\u00e9sidence du Bailli\",\"datePublished\":\"2024-01-11T10:12:04+00:00\",\"dateModified\":\"2024-01-12T09:55:46+00:00\",\"mainEntityOfPage\":{\"@id\":\"https:\/\/www.residence-lebaillidesuffren.com\/de\/wanderungen-quer-durch-die-aussergewoehnliche-berglandschaft-des-var\/\"},\"wordCount\":8,\"commentCount\":0,\"publisher\":{\"@id\":\"https:\/\/www.residence-lebaillidesuffren.com\/de\/#organization\"},\"image\":{\"@id\":\"https:\/\/www.residence-lebaillidesuffren.com\/de\/wanderungen-quer-durch-die-aussergewoehnliche-berglandschaft-des-var\/#primaryimage\"},\"thumbnailUrl\":\"https:\/\/www.residence-lebaillidesuffren.com\/wp-content\/uploads\/sites\/261\/2021\/03\/RBS-mai-2018.jpg\",\"articleSection\":[\"Touristisches Ziel\"],\"inLanguage\":\"de-DE\",\"potentialAction\":[{\"@type\":\"CommentAction\",\"name\":\"Comment\",\"target\":[\"https:\/\/www.residence-lebaillidesuffren.com\/de\/wanderungen-quer-durch-die-aussergewoehnliche-berglandschaft-des-var\/#respond\"]}]},{\"@type\":\"WebPage\",\"@id\":\"https:\/\/www.residence-lebaillidesuffren.com\/de\/wanderungen-quer-durch-die-aussergewoehnliche-berglandschaft-des-var\/\",\"url\":\"https:\/\/www.residence-lebaillidesuffren.com\/de\/wanderungen-quer-durch-die-aussergewoehnliche-berglandschaft-des-var\/\",\"name\":\"Wanderungen im Var-Massiv | La R\u00e9sidence du Bailli\",\"isPartOf\":{\"@id\":\"https:\/\/www.residence-lebaillidesuffren.com\/de\/#website\"},\"primaryImageOfPage\":{\"@id\":\"https:\/\/www.residence-lebaillidesuffren.com\/de\/wanderungen-quer-durch-die-aussergewoehnliche-berglandschaft-des-var\/#primaryimage\"},\"image\":{\"@id\":\"https:\/\/www.residence-lebaillidesuffren.com\/de\/wanderungen-quer-durch-die-aussergewoehnliche-berglandschaft-des-var\/#primaryimage\"},\"thumbnailUrl\":\"https:\/\/www.residence-lebaillidesuffren.com\/wp-content\/uploads\/sites\/261\/2021\/03\/RBS-mai-2018.jpg\",\"datePublished\":\"2024-01-11T10:12:04+00:00\",\"dateModified\":\"2024-01-12T09:55:46+00:00\",\"description\":\"Im Var ist die Natur allgegenw\u00e4rtig. Die Waldgebiete und Waldfl\u00e4chen stellen \u00fcber 2.500 ha der gesch\u00fctzten W\u00e4lder dar.Wanderungen durch die Berglandschaft des Var sind ein absolutes Muss. Maurenmassiv, Massif de la Sainte-Baume, Esterel... Das sollte man wissen.\",\"breadcrumb\":{\"@id\":\"https:\/\/www.residence-lebaillidesuffren.com\/de\/wanderungen-quer-durch-die-aussergewoehnliche-berglandschaft-des-var\/#breadcrumb\"},\"inLanguage\":\"de-DE\",\"potentialAction\":[{\"@type\":\"ReadAction\",\"target\":[\"https:\/\/www.residence-lebaillidesuffren.com\/de\/wanderungen-quer-durch-die-aussergewoehnliche-berglandschaft-des-var\/\"]}]},{\"@type\":\"ImageObject\",\"inLanguage\":\"de-DE\",\"@id\":\"https:\/\/www.residence-lebaillidesuffren.com\/de\/wanderungen-quer-durch-die-aussergewoehnliche-berglandschaft-des-var\/#primaryimage\",\"url\":\"https:\/\/www.residence-lebaillidesuffren.com\/wp-content\/uploads\/sites\/261\/2021\/03\/RBS-mai-2018.jpg\",\"contentUrl\":\"https:\/\/www.residence-lebaillidesuffren.com\/wp-content\/uploads\/sites\/261\/2021\/03\/RBS-mai-2018.jpg\",\"width\":1000,\"height\":667},{\"@type\":\"BreadcrumbList\",\"@id\":\"https:\/\/www.residence-lebaillidesuffren.com\/de\/wanderungen-quer-durch-die-aussergewoehnliche-berglandschaft-des-var\/#breadcrumb\",\"itemListElement\":[{\"@type\":\"ListItem\",\"position\":1,\"name\":\"Home\",\"item\":\"https:\/\/www.residence-lebaillidesuffren.com\/de\/\"},{\"@type\":\"ListItem\",\"position\":2,\"name\":\"Wanderungen im Var-Massiv | La R\u00e9sidence du Bailli\"}]},{\"@type\":\"WebSite\",\"@id\":\"https:\/\/www.residence-lebaillidesuffren.com\/de\/#website\",\"url\":\"https:\/\/www.residence-lebaillidesuffren.com\/de\/\",\"name\":\"R\u00e9sidences du Bailli\",\"description\":\"\",\"publisher\":{\"@id\":\"https:\/\/www.residence-lebaillidesuffren.com\/de\/#organization\"},\"potentialAction\":[{\"@type\":\"SearchAction\",\"target\":{\"@type\":\"EntryPoint\",\"urlTemplate\":\"https:\/\/www.residence-lebaillidesuffren.com\/de\/?s={search_term_string}\"},\"query-input\":{\"@type\":\"PropertyValueSpecification\",\"valueRequired\":true,\"valueName\":\"search_term_string\"}}],\"inLanguage\":\"de-DE\"},{\"@type\":\"Organization\",\"@id\":\"https:\/\/www.residence-lebaillidesuffren.com\/de\/#organization\",\"name\":\"La R\u00e9sidence du Bailli\",\"url\":\"https:\/\/www.residence-lebaillidesuffren.com\/de\/\",\"logo\":{\"@type\":\"ImageObject\",\"inLanguage\":\"de-DE\",\"@id\":\"https:\/\/www.residence-lebaillidesuffren.com\/de\/#\/schema\/logo\/image\/\",\"url\":\"https:\/\/www.residence-lebaillidesuffren.com\/wp-content\/uploads\/sites\/261\/2021\/03\/BAILLI.LA_.RESIDENCE.LOGO_.png\",\"contentUrl\":\"https:\/\/www.residence-lebaillidesuffren.com\/wp-content\/uploads\/sites\/261\/2021\/03\/BAILLI.LA_.RESIDENCE.LOGO_.png\",\"width\":1503,\"height\":2383,\"caption\":\"La R\u00e9sidence du Bailli\"},\"image\":{\"@id\":\"https:\/\/www.residence-lebaillidesuffren.com\/de\/#\/schema\/logo\/image\/\"},\"sameAs\":[\"https:\/\/www.facebook.com\/la.residence.du.bailli\/\",\"https:\/\/www.instagram.com\/laresidencedubailli\/\"]},{\"@type\":\"Person\",\"@id\":\"https:\/\/www.residence-lebaillidesuffren.com\/de\/#\/schema\/person\/92eb2c09a86d74ba0d0e75e46990efdf\",\"name\":\"Candice Capron\",\"image\":{\"@type\":\"ImageObject\",\"inLanguage\":\"de-DE\",\"@id\":\"https:\/\/www.residence-lebaillidesuffren.com\/de\/#\/schema\/person\/image\/\",\"url\":\"https:\/\/secure.gravatar.com\/avatar\/a99650ba483e97cbd42fc1ff3f6ddac68d687e2bc2882e9810e82a877d3e5157?s=96&d=mm&r=g\",\"contentUrl\":\"https:\/\/secure.gravatar.com\/avatar\/a99650ba483e97cbd42fc1ff3f6ddac68d687e2bc2882e9810e82a877d3e5157?s=96&d=mm&r=g\",\"caption\":\"Candice Capron\"}}]}<\/script>\n<!-- \/ Yoast SEO plugin. -->","yoast_head_json":{"title":"Wanderungen im Var-Massiv | La R\u00e9sidence du Bailli","description":"Im Var ist die Natur allgegenw\u00e4rtig. Die Waldgebiete und Waldfl\u00e4chen stellen \u00fcber 2.500 ha der gesch\u00fctzten W\u00e4lder dar.Wanderungen durch die Berglandschaft des Var sind ein absolutes Muss. Maurenmassiv, Massif de la Sainte-Baume, Esterel... Das sollte man wissen.","robots":{"index":"index","follow":"follow","max-snippet":"max-snippet:-1","max-image-preview":"max-image-preview:large","max-video-preview":"max-video-preview:-1"},"canonical":"https:\/\/www.residence-lebaillidesuffren.com\/de\/wanderungen-quer-durch-die-aussergewoehnliche-berglandschaft-des-var\/","og_locale":"de_DE","og_type":"article","og_title":"Wanderungen im Var-Massiv | La R\u00e9sidence du Bailli","og_description":"Im Var ist die Natur allgegenw\u00e4rtig. Die Waldgebiete und Waldfl\u00e4chen stellen \u00fcber 2.500 ha der gesch\u00fctzten W\u00e4lder dar.Wanderungen durch die Berglandschaft des Var sind ein absolutes Muss. Maurenmassiv, Massif de la Sainte-Baume, Esterel... Das sollte man wissen.","og_url":"https:\/\/www.residence-lebaillidesuffren.com\/de\/wanderungen-quer-durch-die-aussergewoehnliche-berglandschaft-des-var\/","og_site_name":"R\u00e9sidences du Bailli","article_publisher":"https:\/\/www.facebook.com\/la.residence.du.bailli\/","article_published_time":"2024-01-11T10:12:04+00:00","article_modified_time":"2024-01-12T09:55:46+00:00","og_image":[{"width":1000,"height":667,"url":"https:\/\/www.residence-lebaillidesuffren.com\/wp-content\/uploads\/sites\/261\/2021\/03\/RBS-mai-2018.jpg","type":"image\/jpeg"}],"author":"Candice Capron","twitter_card":"summary_large_image","twitter_misc":{"Verfasst von":"Candice Capron"},"schema":{"@context":"https:\/\/schema.org","@graph":[{"@type":"Article","@id":"https:\/\/www.residence-lebaillidesuffren.com\/de\/wanderungen-quer-durch-die-aussergewoehnliche-berglandschaft-des-var\/#article","isPartOf":{"@id":"https:\/\/www.residence-lebaillidesuffren.com\/de\/wanderungen-quer-durch-die-aussergewoehnliche-berglandschaft-des-var\/"},"author":{"name":"Candice Capron","@id":"https:\/\/www.residence-lebaillidesuffren.com\/de\/#\/schema\/person\/92eb2c09a86d74ba0d0e75e46990efdf"},"headline":"Wanderungen im Var-Massiv | La R\u00e9sidence du Bailli","datePublished":"2024-01-11T10:12:04+00:00","dateModified":"2024-01-12T09:55:46+00:00","mainEntityOfPage":{"@id":"https:\/\/www.residence-lebaillidesuffren.com\/de\/wanderungen-quer-durch-die-aussergewoehnliche-berglandschaft-des-var\/"},"wordCount":8,"commentCount":0,"publisher":{"@id":"https:\/\/www.residence-lebaillidesuffren.com\/de\/#organization"},"image":{"@id":"https:\/\/www.residence-lebaillidesuffren.com\/de\/wanderungen-quer-durch-die-aussergewoehnliche-berglandschaft-des-var\/#primaryimage"},"thumbnailUrl":"https:\/\/www.residence-lebaillidesuffren.com\/wp-content\/uploads\/sites\/261\/2021\/03\/RBS-mai-2018.jpg","articleSection":["Touristisches Ziel"],"inLanguage":"de-DE","potentialAction":[{"@type":"CommentAction","name":"Comment","target":["https:\/\/www.residence-lebaillidesuffren.com\/de\/wanderungen-quer-durch-die-aussergewoehnliche-berglandschaft-des-var\/#respond"]}]},{"@type":"WebPage","@id":"https:\/\/www.residence-lebaillidesuffren.com\/de\/wanderungen-quer-durch-die-aussergewoehnliche-berglandschaft-des-var\/","url":"https:\/\/www.residence-lebaillidesuffren.com\/de\/wanderungen-quer-durch-die-aussergewoehnliche-berglandschaft-des-var\/","name":"Wanderungen im Var-Massiv | La R\u00e9sidence du Bailli","isPartOf":{"@id":"https:\/\/www.residence-lebaillidesuffren.com\/de\/#website"},"primaryImageOfPage":{"@id":"https:\/\/www.residence-lebaillidesuffren.com\/de\/wanderungen-quer-durch-die-aussergewoehnliche-berglandschaft-des-var\/#primaryimage"},"image":{"@id":"https:\/\/www.residence-lebaillidesuffren.com\/de\/wanderungen-quer-durch-die-aussergewoehnliche-berglandschaft-des-var\/#primaryimage"},"thumbnailUrl":"https:\/\/www.residence-lebaillidesuffren.com\/wp-content\/uploads\/sites\/261\/2021\/03\/RBS-mai-2018.jpg","datePublished":"2024-01-11T10:12:04+00:00","dateModified":"2024-01-12T09:55:46+00:00","description":"Im Var ist die Natur allgegenw\u00e4rtig. Die Waldgebiete und Waldfl\u00e4chen stellen \u00fcber 2.500 ha der gesch\u00fctzten W\u00e4lder dar.Wanderungen durch die Berglandschaft des Var sind ein absolutes Muss. Maurenmassiv, Massif de la Sainte-Baume, Esterel... Das sollte man wissen.","breadcrumb":{"@id":"https:\/\/www.residence-lebaillidesuffren.com\/de\/wanderungen-quer-durch-die-aussergewoehnliche-berglandschaft-des-var\/#breadcrumb"},"inLanguage":"de-DE","potentialAction":[{"@type":"ReadAction","target":["https:\/\/www.residence-lebaillidesuffren.com\/de\/wanderungen-quer-durch-die-aussergewoehnliche-berglandschaft-des-var\/"]}]},{"@type":"ImageObject","inLanguage":"de-DE","@id":"https:\/\/www.residence-lebaillidesuffren.com\/de\/wanderungen-quer-durch-die-aussergewoehnliche-berglandschaft-des-var\/#primaryimage","url":"https:\/\/www.residence-lebaillidesuffren.com\/wp-content\/uploads\/sites\/261\/2021\/03\/RBS-mai-2018.jpg","contentUrl":"https:\/\/www.residence-lebaillidesuffren.com\/wp-content\/uploads\/sites\/261\/2021\/03\/RBS-mai-2018.jpg","width":1000,"height":667},{"@type":"BreadcrumbList","@id":"https:\/\/www.residence-lebaillidesuffren.com\/de\/wanderungen-quer-durch-die-aussergewoehnliche-berglandschaft-des-var\/#breadcrumb","itemListElement":[{"@type":"ListItem","position":1,"name":"Home","item":"https:\/\/www.residence-lebaillidesuffren.com\/de\/"},{"@type":"ListItem","position":2,"name":"Wanderungen im Var-Massiv | La R\u00e9sidence du Bailli"}]},{"@type":"WebSite","@id":"https:\/\/www.residence-lebaillidesuffren.com\/de\/#website","url":"https:\/\/www.residence-lebaillidesuffren.com\/de\/","name":"R\u00e9sidences du Bailli","description":"","publisher":{"@id":"https:\/\/www.residence-lebaillidesuffren.com\/de\/#organization"},"potentialAction":[{"@type":"SearchAction","target":{"@type":"EntryPoint","urlTemplate":"https:\/\/www.residence-lebaillidesuffren.com\/de\/?s={search_term_string}"},"query-input":{"@type":"PropertyValueSpecification","valueRequired":true,"valueName":"search_term_string"}}],"inLanguage":"de-DE"},{"@type":"Organization","@id":"https:\/\/www.residence-lebaillidesuffren.com\/de\/#organization","name":"La R\u00e9sidence du Bailli","url":"https:\/\/www.residence-lebaillidesuffren.com\/de\/","logo":{"@type":"ImageObject","inLanguage":"de-DE","@id":"https:\/\/www.residence-lebaillidesuffren.com\/de\/#\/schema\/logo\/image\/","url":"https:\/\/www.residence-lebaillidesuffren.com\/wp-content\/uploads\/sites\/261\/2021\/03\/BAILLI.LA_.RESIDENCE.LOGO_.png","contentUrl":"https:\/\/www.residence-lebaillidesuffren.com\/wp-content\/uploads\/sites\/261\/2021\/03\/BAILLI.LA_.RESIDENCE.LOGO_.png","width":1503,"height":2383,"caption":"La R\u00e9sidence du Bailli"},"image":{"@id":"https:\/\/www.residence-lebaillidesuffren.com\/de\/#\/schema\/logo\/image\/"},"sameAs":["https:\/\/www.facebook.com\/la.residence.du.bailli\/","https:\/\/www.instagram.com\/laresidencedubailli\/"]},{"@type":"Person","@id":"https:\/\/www.residence-lebaillidesuffren.com\/de\/#\/schema\/person\/92eb2c09a86d74ba0d0e75e46990efdf","name":"Candice Capron","image":{"@type":"ImageObject","inLanguage":"de-DE","@id":"https:\/\/www.residence-lebaillidesuffren.com\/de\/#\/schema\/person\/image\/","url":"https:\/\/secure.gravatar.com\/avatar\/a99650ba483e97cbd42fc1ff3f6ddac68d687e2bc2882e9810e82a877d3e5157?s=96&d=mm&r=g","contentUrl":"https:\/\/secure.gravatar.com\/avatar\/a99650ba483e97cbd42fc1ff3f6ddac68d687e2bc2882e9810e82a877d3e5157?s=96&d=mm&r=g","caption":"Candice Capron"}}]}},"acf":[],"_links":{"self":[{"href":"https:\/\/www.residence-lebaillidesuffren.com\/de\/wp-json\/wp\/v2\/posts\/977","targetHints":{"allow":["GET"]}}],"collection":[{"href":"https:\/\/www.residence-lebaillidesuffren.com\/de\/wp-json\/wp\/v2\/posts"}],"about":[{"href":"https:\/\/www.residence-lebaillidesuffren.com\/de\/wp-json\/wp\/v2\/types\/post"}],"author":[{"embeddable":true,"href":"https:\/\/www.residence-lebaillidesuffren.com\/de\/wp-json\/wp\/v2\/users\/211"}],"replies":[{"embeddable":true,"href":"https:\/\/www.residence-lebaillidesuffren.com\/de\/wp-json\/wp\/v2\/comments?post=977"}],"version-history":[{"count":0,"href":"https:\/\/www.residence-lebaillidesuffren.com\/de\/wp-json\/wp\/v2\/posts\/977\/revisions"}],"wp:featuredmedia":[{"embeddable":true,"href":"https:\/\/www.residence-lebaillidesuffren.com\/de\/wp-json\/wp\/v2\/media\/500"}],"wp:attachment":[{"href":"https:\/\/www.residence-lebaillidesuffren.com\/de\/wp-json\/wp\/v2\/media?parent=977"}],"wp:term":[{"taxonomy":"category","embeddable":true,"href":"https:\/\/www.residence-lebaillidesuffren.com\/de\/wp-json\/wp\/v2\/categories?post=977"},{"taxonomy":"post_tag","embeddable":true,"href":"https:\/\/www.residence-lebaillidesuffren.com\/de\/wp-json\/wp\/v2\/tags?post=977"}],"curies":[{"name":"wp","href":"https:\/\/api.w.org\/{rel}","templated":true}]}}